{"id":11864,"date":"2024-01-31T15:10:30","date_gmt":"2024-01-31T14:10:30","guid":{"rendered":"https:\/\/tribunadeangola.org\/?p=11864"},"modified":"2024-02-03T16:53:37","modified_gmt":"2024-02-03T15:53:37","slug":"descrenca","status":"publish","type":"post","link":"https:\/\/tribunadeangola.org\/?p=11864","title":{"rendered":"Descren\u00e7a"},"content":{"rendered":"\n<p>Quando a justi\u00e7a tem necessidade de vir para a rua justificar a sua miss\u00e3o, est\u00e1 comprometida pela sua pr\u00f3pria e reconhecida inefic\u00e1cia, e as causas v\u00e3o da incompet\u00eancia \u00e0 cumplicidade, escondendo-se muitas vezes num ensaio de bajula\u00e7\u00e3o que se mostra dependente de outros \u00f3rg\u00e3os de soberania.<\/p>\n\n\n\n<p>Com atraso inadmiss\u00edvel e comprometedor, ainda temos em liberdade Isabel dos Santos, Manuel Vicente, Kopelipa, Dino, Jos\u00e9 Maria e tantos outros reconhecidamente corruptos e saqueadores de bilh\u00f5es do Er\u00e1rio P\u00fablico, com Processos enviados com Pompa da PGR para a Justi\u00e7a, e segundo confid\u00eancia de uma ju\u00edza experimentada, completamente engatilhados suscept\u00edveis de se perderem no tempo.<\/p>\n\n\n\n<p>Mas hoje traz-me aqui algo que me interpela vivamente, mais irritante do que inefic\u00e1cia judicial, \u00e9, seguramente a parcialidade no exerc\u00edcio da justi\u00e7a, e mais grave ainda quando esse sectarismo adv\u00e9m de medo e vulnerabilidade pessoais de titulares do Poder Judicial. Se \u00e9 verdade que os marimbondos j\u00e1 levam 7 anos de folclore, a irresponsabilidade de outros, j\u00e1 levam 22 anos.<\/p>\n\n\n\n<p>O Governo de Angola, depois de uma agress\u00e3o que vitimou milhares e milhares de angolanos, aniquilou o inimigo, mas estendeu a m\u00e3o aos rendidos e acolheu-os num gesto de Reconcilia\u00e7\u00e3o Nacional. Deu-lhes casa, reformas, fazendas, conferiu-lhes dignidade e cidadania, mas permitiu-lhes reagrupar numa tribo que com o tempo voltou a revelar o seu ADN, sem que nunca fosse devolvido ao Estado o Esp\u00f3lio da UNITA, um marco negro na hist\u00f3ria do pa\u00eds. Mais, h\u00e1 na UNITA muitos marimbondos, muitos coniventes com o saque, h\u00e1 ainda hoje aut\u00eanticos saqueadores de recursos naturais a coberto de empresas deficit\u00e1rias para branqueamento de fortunas colossais, e o PGR at\u00e9 partilha com alguns banquetes op\u00edparos.<\/p>\n\n\n\n<p>Jo\u00e3o Louren\u00e7o e Fernando Miala s\u00e3o os inimigos deste poder clandestino exercido com a for\u00e7a do dinheiro, internacionalmente \u00e9 reconhecido o trabalho, Angola sai paulatinamente da corrup\u00e7\u00e3o, mas o combate \u00e9 violento, basta ver o ru\u00eddo que est\u00e1 a ser feito agora, \u00e9 cansativo, mas a escumalha est\u00e1 com medo, h\u00e1 muita gente inquieta.<\/p>\n\n\n\n<p>Temo que estejamos a perder o tempo de uma Nova Rep\u00fablica, ela precisa de um timoneiro na hora certa, esse momento n\u00e3o acontece duas vezes, Jo\u00e3o Louren\u00e7o \u00e9 o homem que pode protagonizar a mudan\u00e7a, poder\u00e1 at\u00e9 haver outro caminho, mas ser\u00e1 seguramente mais dif\u00edcil e muito mais longo.<\/p>\n\n\n\n<p>Pela Nova Rep\u00fablica&#8230;!!!<\/p>\n","protected":false},"excerpt":{"rendered":"<p>Quando a justi\u00e7a tem necessidade de vir para a rua justificar a sua miss\u00e3o, est\u00e1 comprometida pela sua pr\u00f3pria e reconhecida inefic\u00e1cia, e as causas v\u00e3o da incompet\u00eancia \u00e0 cumplicidade, escondendo-se muitas vezes num ensaio de bajula\u00e7\u00e3o que se mostra dependente de outros \u00f3rg\u00e3os de soberania. Com atraso inadmiss\u00edvel e comprometedor, ainda temos em liberdade [&hellip;]<\/p>\n","protected":false},"author":5,"featured_media":11865,"comment_status":"closed","ping_status":"closed","sticky":false,"template":"","format":"standard","meta":{"inline_featured_image":false,"footnotes":""},"categories":[105,21],"tags":[89,497,2451,32,25],"class_list":["post-11864","post","type-post","status-publish","format-standard","has-post-thumbnail","hentry","category-noticias","category-opiniao","tag-angola","tag-justica","tag-nova-republica","tag-pgr","tag-unita"],"_links":{"self":[{"href":"https:\/\/tribunadeangola.org\/index.php?rest_route=\/wp\/v2\/posts\/11864","targetHints":{"allow":["GET"]}}],"collection":[{"href":"https:\/\/tribunadeangola.org\/index.php?rest_route=\/wp\/v2\/posts"}],"about":[{"href":"https:\/\/tribunadeangola.org\/index.php?rest_route=\/wp\/v2\/types\/post"}],"author":[{"embeddable":true,"href":"https:\/\/tribunadeangola.org\/index.php?rest_route=\/wp\/v2\/users\/5"}],"replies":[{"embeddable":true,"href":"https:\/\/tribunadeangola.org\/index.php?rest_route=%2Fwp%2Fv2%2Fcomments&post=11864"}],"version-history":[{"count":1,"href":"https:\/\/tribunadeangola.org\/index.php?rest_route=\/wp\/v2\/posts\/11864\/revisions"}],"predecessor-version":[{"id":11866,"href":"https:\/\/tribunadeangola.org\/index.php?rest_route=\/wp\/v2\/posts\/11864\/revisions\/11866"}],"wp:featuredmedia":[{"embeddable":true,"href":"https:\/\/tribunadeangola.org\/index.php?rest_route=\/wp\/v2\/media\/11865"}],"wp:attachment":[{"href":"https:\/\/tribunadeangola.org\/index.php?rest_route=%2Fwp%2Fv2%2Fmedia&parent=11864"}],"wp:term":[{"taxonomy":"category","embeddable":true,"href":"https:\/\/tribunadeangola.org\/index.php?rest_route=%2Fwp%2Fv2%2Fcategories&post=11864"},{"taxonomy":"post_tag","embeddable":true,"href":"https:\/\/tribunadeangola.org\/index.php?rest_route=%2Fwp%2Fv2%2Ftags&post=11864"}],"curies":[{"name":"wp","href":"https:\/\/api.w.org\/{rel}","templated":true}]}}