{"id":11292,"date":"2023-10-23T08:58:56","date_gmt":"2023-10-23T07:58:56","guid":{"rendered":"https:\/\/tribunadeangola.org\/?p=11292"},"modified":"2023-10-26T16:12:00","modified_gmt":"2023-10-26T15:12:00","slug":"os-filhos-deles","status":"publish","type":"post","link":"https:\/\/tribunadeangola.org\/?p=11292","title":{"rendered":"Os filhos deles&#8230;"},"content":{"rendered":"\n<p>H\u00e1 uma nova gera\u00e7\u00e3o de filhos dos antigos dirigentes angolanos que surge. O problema \u00e9 que s\u00e3o completamente desligados de Angola, e as suas interven\u00e7\u00f5es demonstram o mais amplo desprezo pelo povo e um narcisismo inigual\u00e1vel. O que eles mostram \u00e9 como s\u00e3o ricos e merecem mandar em Angola.<\/p>\n\n\n\n<p>Havia o exemplo de Tchiz\u00e9. Durante uns meses arvorou-se em guerrilheira da Unita, para depois denunciar a hipocrisia do bacharel Adalberto. Agora &#8220;posta&#8221; as suas fotos de vida de rica, em bikini, \u00e0 chuva, ao sol. Uma das mais recentes foi a foto do ch\u00e1 no Dorchester, um dos hot\u00e9is mais caros de Londres. Que bom para Tchiz\u00e9 ir lanchar ao Dorchester, mas o que isso adianta para Angola, o que diz das supostas elites dirigentes? O horror, como escrevia Joseph Conrad a prop\u00f3sito do Congo, o horror.<\/p>\n\n\n\n<p>Agora apareceu outro. O Cl\u00e1udio. Durante anos andou entretido em neg\u00f3cios mal-sucedidos deixando um rasto de d\u00edvidas e conflitos. Agora, de repente, acha que quer ser Presidente da Rep\u00fablica! Como? O que tem o Cl\u00e1udio para apresentar no seu curr\u00edculo a n\u00e3o ser o pai? \u00c9 mais um que se julga com direito a tudo, em virtude de algum direito divino que n\u00e3o sab\u00edamos existir em Angola.<\/p>\n\n\n\n<p>Talvez uma li\u00e7\u00e3o mao\u00edsta fizesse bem a estes filhos todos. Seis meses no campo a cultivar lavras dos camponeses pobres era o melhor que podiam fazer por Angola e pelo seu povo.<\/p>\n","protected":false},"excerpt":{"rendered":"<p>H\u00e1 uma nova gera\u00e7\u00e3o de filhos dos antigos dirigentes angolanos que surge. O problema \u00e9 que s\u00e3o completamente desligados de Angola, e as suas interven\u00e7\u00f5es demonstram o mais amplo desprezo pelo povo e um narcisismo inigual\u00e1vel. O que eles mostram \u00e9 como s\u00e3o ricos e merecem mandar em Angola. Havia o exemplo de Tchiz\u00e9. Durante [&hellip;]<\/p>\n","protected":false},"author":1,"featured_media":11293,"comment_status":"closed","ping_status":"closed","sticky":false,"template":"","format":"standard","meta":{"inline_featured_image":false,"footnotes":""},"categories":[105,21],"tags":[89],"class_list":["post-11292","post","type-post","status-publish","format-standard","has-post-thumbnail","hentry","category-noticias","category-opiniao","tag-angola"],"_links":{"self":[{"href":"https:\/\/tribunadeangola.org\/index.php?rest_route=\/wp\/v2\/posts\/11292","targetHints":{"allow":["GET"]}}],"collection":[{"href":"https:\/\/tribunadeangola.org\/index.php?rest_route=\/wp\/v2\/posts"}],"about":[{"href":"https:\/\/tribunadeangola.org\/index.php?rest_route=\/wp\/v2\/types\/post"}],"author":[{"embeddable":true,"href":"https:\/\/tribunadeangola.org\/index.php?rest_route=\/wp\/v2\/users\/1"}],"replies":[{"embeddable":true,"href":"https:\/\/tribunadeangola.org\/index.php?rest_route=%2Fwp%2Fv2%2Fcomments&post=11292"}],"version-history":[{"count":1,"href":"https:\/\/tribunadeangola.org\/index.php?rest_route=\/wp\/v2\/posts\/11292\/revisions"}],"predecessor-version":[{"id":11294,"href":"https:\/\/tribunadeangola.org\/index.php?rest_route=\/wp\/v2\/posts\/11292\/revisions\/11294"}],"wp:featuredmedia":[{"embeddable":true,"href":"https:\/\/tribunadeangola.org\/index.php?rest_route=\/wp\/v2\/media\/11293"}],"wp:attachment":[{"href":"https:\/\/tribunadeangola.org\/index.php?rest_route=%2Fwp%2Fv2%2Fmedia&parent=11292"}],"wp:term":[{"taxonomy":"category","embeddable":true,"href":"https:\/\/tribunadeangola.org\/index.php?rest_route=%2Fwp%2Fv2%2Fcategories&post=11292"},{"taxonomy":"post_tag","embeddable":true,"href":"https:\/\/tribunadeangola.org\/index.php?rest_route=%2Fwp%2Fv2%2Ftags&post=11292"}],"curies":[{"name":"wp","href":"https:\/\/api.w.org\/{rel}","templated":true}]}}