{"id":10610,"date":"2023-07-16T10:23:05","date_gmt":"2023-07-16T09:23:05","guid":{"rendered":"https:\/\/tribunadeangola.org\/?p=10610"},"modified":"2023-07-18T15:01:42","modified_gmt":"2023-07-18T14:01:42","slug":"digno-de-almanaque","status":"publish","type":"post","link":"https:\/\/tribunadeangola.org\/?p=10610","title":{"rendered":"Digno de almanaque"},"content":{"rendered":"\n<p class=\"has-drop-cap\">O espectro de esvaziamento pol\u00edtico com o desgaste do tempo apenas \u00e9 novidade pela efemeridade vol\u00e1til das diversas identidades de um projecto sem alicerces, sem identidade, pela nega\u00e7\u00e3o do espa\u00e7o e do tempo, n\u00e3o obstante os revezes que, afinal de nada serviram por esbarrarem&nbsp;numa c\u00e9lula sem pensamento pr\u00f3prio.<\/p>\n\n\n\n<p>Sim, sim, estou a referir-me \u00e0 UNITA que nos ensinou a n\u00e3o ter confian\u00e7a p\u00fablica que sempre se prestou \u00e0 prepot\u00eancia psicop\u00e1tica, feiti\u00e7os, assassinatos, medo, repress\u00e3o, sabotagem, inadaptabilidade urbana, que com miseric\u00f3rdia alheia transportou do mato para a cidade.<\/p>\n\n\n\n<p>Deve-se a esta filosofia o desaparecimento dos mais nobres filhos angolanos apanhados na malha regional, Jorge Sangumba, Wilson dos Santos, Tito Tchingundji, Waldemar Chindondo,.<\/p>\n\n\n\n<p>Depois tivemos a Renovada que acolheu fugitivos do terror, ou ent\u00e3o, estrat\u00e9gia de infiltra\u00e7\u00e3o, porque acabaram dilu\u00eddos no seio da Oligarquia D\u00e9spota Familiar.<\/p>\n\n\n\n<p>Recentemente tivemos Abel Chivukuvuku a ir e voltar a querer ir de novo para voltar.&nbsp;<\/p>\n\n\n\n<p>A espectacular fuga e infiltra\u00e7\u00e3o de Sachipengo&nbsp;Nunda que cumpriu na perfei\u00e7\u00e3o a trai\u00e7\u00e3o a Jonas Savimbi, liquidando-o a seguir, ao servi\u00e7o, ainda hoje, da Oligarquia D\u00e9spota Familiar. N\u00e3o faltam provas evidentes da sua parceria com Chilingutila e Tchindande.<\/p>\n\n\n\n<p>Como sempre os intelectuais, com pensamento pr\u00f3prio, foram eliminados das fileiras, casos de Jorge Valentim e Jaka Jamba, que at\u00e9 nas lavras de milho foram colocados.<\/p>\n\n\n\n<p>Mas chegamos \u00e0 UNITA capturada pelo psicopata ACJ &#8220;B\u00e9tinho&#8221;, que logo entendeu a rejei\u00e7\u00e3o da Sociedade ao Galo Negro e refugiou-se na FPU, essa fic\u00e7\u00e3o clandestina que serviu para esconder toda a escumalha contra Samakuva, abrigou ACJ, Chivukuvuku, Lukamba &#8220;Miau&#8221;Gato, Manuvakola, a trupe toda da trai\u00e7\u00e3o, uma lan\u00e7a envenenada contra a Angola que tanto tem suportado.<\/p>\n\n\n\n<p>Vejamos a vacuidade pol\u00edtica, a indig\u00eancia intelectual, assento fatal da anarquia:<\/p>\n\n\n\n<p>Ganharam elei\u00e7\u00f5es, condenaram tudo e todos, insultaram, agrediram, movimentaram os incautos, tudo fizeram para se mostrarem vencedores numa derrota implac\u00e1vel.<\/p>\n\n\n\n<p>Andaram&nbsp;um ano em sabotagens, em campanhas nacionais e internacionais como aut\u00eanticos&nbsp;mercen\u00e1rios ao servi\u00e7o do terrorismo e saqueadores que teimam em for\u00e7ar Angola a regressar ao passado.<\/p>\n\n\n\n<p>Andaram a pedir elei\u00e7\u00f5es aut\u00e1rquicas&nbsp;fazendo delas um alimento de permanente subvers\u00e3o, insultaram, denegriram, pediram a&nbsp;demiss\u00e3o do Presidente&nbsp;da Rep\u00fablica, mas, agora que se vislumbram as autarquias, a estrat\u00e9gia mudou.<\/p>\n\n\n\n<p>Vamos ter agora uma UNITA, aconselhada por novo opinadores (sempre os outros), a querer partilha de Poder, participar nas institui\u00e7\u00f5es, integrar-se na administra\u00e7\u00e3o nacional e provincial, com a estrat\u00e9gia sempre \u00fanica, corroer e tomar o Poder por dentro.<\/p>\n\n\n\n<p>Esta semana fez-se festa, e vai haver um banquete no pr\u00f3ximo s\u00e1bado onde estar\u00e3o&nbsp;os not\u00e1veis, mas a estrela \u00e9 a ades\u00e3o \u00e0s (teses?) da UNITA, de Fernando da Piedade Dias dos Santos (Nand\u00f4), boa nova dada por Abel Chivukuvuku. Depois de Z\u00e9 Maria e Higino Carneiro,&nbsp;ser\u00e1?<\/p>\n","protected":false},"excerpt":{"rendered":"<p>O espectro de esvaziamento pol\u00edtico com o desgaste do tempo apenas \u00e9 novidade pela efemeridade vol\u00e1til das diversas identidades de um projecto sem alicerces, sem identidade, pela nega\u00e7\u00e3o do espa\u00e7o e do tempo, n\u00e3o obstante os revezes que, afinal de nada serviram por esbarrarem&nbsp;numa c\u00e9lula sem pensamento pr\u00f3prio. Sim, sim, estou a referir-me \u00e0 UNITA [&hellip;]<\/p>\n","protected":false},"author":5,"featured_media":10611,"comment_status":"closed","ping_status":"closed","sticky":false,"template":"","format":"standard","meta":{"inline_featured_image":false,"footnotes":""},"categories":[105,21],"tags":[491,89,124,1082,122,331,25],"class_list":["post-10610","post","type-post","status-publish","format-standard","has-post-thumbnail","hentry","category-noticias","category-opiniao","tag-acj","tag-angola","tag-chivikuvuku","tag-fpu","tag-lukamba-gato","tag-manuvakola","tag-unita"],"_links":{"self":[{"href":"https:\/\/tribunadeangola.org\/index.php?rest_route=\/wp\/v2\/posts\/10610","targetHints":{"allow":["GET"]}}],"collection":[{"href":"https:\/\/tribunadeangola.org\/index.php?rest_route=\/wp\/v2\/posts"}],"about":[{"href":"https:\/\/tribunadeangola.org\/index.php?rest_route=\/wp\/v2\/types\/post"}],"author":[{"embeddable":true,"href":"https:\/\/tribunadeangola.org\/index.php?rest_route=\/wp\/v2\/users\/5"}],"replies":[{"embeddable":true,"href":"https:\/\/tribunadeangola.org\/index.php?rest_route=%2Fwp%2Fv2%2Fcomments&post=10610"}],"version-history":[{"count":2,"href":"https:\/\/tribunadeangola.org\/index.php?rest_route=\/wp\/v2\/posts\/10610\/revisions"}],"predecessor-version":[{"id":10613,"href":"https:\/\/tribunadeangola.org\/index.php?rest_route=\/wp\/v2\/posts\/10610\/revisions\/10613"}],"wp:featuredmedia":[{"embeddable":true,"href":"https:\/\/tribunadeangola.org\/index.php?rest_route=\/wp\/v2\/media\/10611"}],"wp:attachment":[{"href":"https:\/\/tribunadeangola.org\/index.php?rest_route=%2Fwp%2Fv2%2Fmedia&parent=10610"}],"wp:term":[{"taxonomy":"category","embeddable":true,"href":"https:\/\/tribunadeangola.org\/index.php?rest_route=%2Fwp%2Fv2%2Fcategories&post=10610"},{"taxonomy":"post_tag","embeddable":true,"href":"https:\/\/tribunadeangola.org\/index.php?rest_route=%2Fwp%2Fv2%2Ftags&post=10610"}],"curies":[{"name":"wp","href":"https:\/\/api.w.org\/{rel}","templated":true}]}}